{"id":9683,"date":"2026-03-31T20:06:26","date_gmt":"2026-04-01T02:06:26","guid":{"rendered":"https:\/\/norestedigital.net\/?p=9683"},"modified":"2026-03-31T20:06:28","modified_gmt":"2026-04-01T02:06:28","slug":"supervisa-americo-modernizacion-del-centro-oncologico-de-tamaulipas","status":"publish","type":"post","link":"https:\/\/norestedigital.net\/index.php\/2026\/03\/31\/supervisa-americo-modernizacion-del-centro-oncologico-de-tamaulipas\/","title":{"rendered":"Supervisa Am\u00e9rico modernizaci\u00f3n del Centro Oncol\u00f3gico de Tamaulipas"},"content":{"rendered":"\n<p>Marzo 31 de 2026<\/p>\n\n\n\n<p>Ciudad Victoria, Tamaulipas.-El gobernador de Tamaulipas, Am\u00e9rico Villarreal Anaya, efectu\u00f3 una visita de supervisi\u00f3n al Centro Oncol\u00f3gico de Tamaulipas en Ciudad Victoria, donde revis\u00f3 los avances de la obra de remodelaci\u00f3n y el equipamiento del \u00e1rea de radioterapia, que ya cuenta con el acelerador lineal.<\/p>\n\n\n\n<p>Acompa\u00f1ado de la secretaria de Salud, Adriana Marcela Hern\u00e1ndez Campos, el mandatario arrib\u00f3 la tarde de este martes a este centro hospitalario, donde fue recibido por el director, Francisco Alberto Velasco Canseco. Durante su recorrido, salud\u00f3 a pacientes y dialog\u00f3 con el personal, para posteriormente supervisar el \u00e1rea donde se encuentra el acelerador lineal.<\/p>\n\n\n\n<p>El director del Centro Oncol\u00f3gico brind\u00f3 una amplia explicaci\u00f3n sobre las obras de remodelaci\u00f3n y equipamiento, que a la fecha registran un avance del 85% y que una vez concluidas beneficiar\u00e1n a un mill\u00f3n 624 mil habitantes sin seguridad social en Tamaulipas.<\/p>\n\n\n\n<p>La inversi\u00f3n en este acelerador lineal es de aproximadamente 135.13 millones de pesos, a lo que se suman 28 millones de pesos de inversi\u00f3n estatal para obra complementaria.<\/p>\n\n\n\n<p>De acuerdo con la informaci\u00f3n proporcionada al gobernador, se prev\u00e9 que este moderno equipo, entre en operaci\u00f3n a mediados del a\u00f1o, una vez que se cumplan los requisitos correspondientes y se cuente con la licencia de operaci\u00f3n.<\/p>\n\n\n\n<p>Este es un equipo de alta tecnolog\u00eda para radioterapia, el cual es de mayor beneficio para las y los pacientes, al generar menos efectos secundarios y reducir los tiempos de tratamiento.<\/p>\n\n\n\n<p>De manera paralela, se realizan trabajos en la obra complementaria de esta \u00e1rea anexa a radioterapia, que incluyen la construcci\u00f3n de consultorios e instalaciones sanitarias.<\/p>\n\n\n\n<figure class=\"wp-block-image\"><a href=\"https:\/\/www.tamaulipas.gob.mx\/wp-content\/uploads\/2026\/03\/075-2026.-Supervisa-Americo-modernizacion-del-Centro-Oncologico-de-Tamaulipas-4.jpeg\"><img decoding=\"async\" src=\"https:\/\/www.tamaulipas.gob.mx\/wp-content\/uploads\/2026\/03\/075-2026.-Supervisa-Americo-modernizacion-del-Centro-Oncologico-de-Tamaulipas-4-850x500.jpeg\" alt=\"\"\/><\/a><\/figure>\n\n\n\n<figure class=\"wp-block-image\"><a href=\"https:\/\/www.tamaulipas.gob.mx\/wp-content\/uploads\/2026\/03\/075-2026.-Supervisa-Americo-modernizacion-del-Centro-Oncologico-de-Tamaulipas-5.jpeg\"><img decoding=\"async\" src=\"https:\/\/www.tamaulipas.gob.mx\/wp-content\/uploads\/2026\/03\/075-2026.-Supervisa-Americo-modernizacion-del-Centro-Oncologico-de-Tamaulipas-5-850x500.jpeg\" alt=\"\"\/><\/a><\/figure>\n\n\n\n<figure class=\"wp-block-image\"><a href=\"https:\/\/www.tamaulipas.gob.mx\/wp-content\/uploads\/2026\/03\/075-2026.-Supervisa-Americo-modernizacion-del-Centro-Oncologico-de-Tamaulipas-6.jpeg\"><img decoding=\"async\" src=\"https:\/\/www.tamaulipas.gob.mx\/wp-content\/uploads\/2026\/03\/075-2026.-Supervisa-Americo-modernizacion-del-Centro-Oncologico-de-Tamaulipas-6-850x500.jpeg\" alt=\"\"\/><\/a><\/figure>\n","protected":false},"excerpt":{"rendered":"<p>Marzo 31 de 2026 Ciudad Victoria, Tamaulipas.-El gobernador de Tamaulipas, Am\u00e9rico Villarreal Anaya, efectu\u00f3 una visita de supervisi\u00f3n al Centro Oncol\u00f3gico de Tamaulipas en Ciudad Victoria, donde revis\u00f3 los avances de la obra de remodelaci\u00f3n y el equipamiento del \u00e1rea de radioterapia, que ya cuenta con el acelerador lineal. Acompa\u00f1ado de la secretaria de Salud, &hellip;<\/p>\n","protected":false},"author":2,"featured_media":9684,"comment_status":"open","ping_status":"open","sticky":false,"template":"","format":"standard","meta":{"footnotes":""},"categories":[49,62,10],"tags":[],"class_list":["post-9683","post","type-post","status-publish","format-standard","has-post-thumbnail","","category-gobierno-de-tamaulipas","category-portada","category-tam"],"_links":{"self":[{"href":"https:\/\/norestedigital.net\/index.php\/wp-json\/wp\/v2\/posts\/9683","targetHints":{"allow":["GET"]}}],"collection":[{"href":"https:\/\/norestedigital.net\/index.php\/wp-json\/wp\/v2\/posts"}],"about":[{"href":"https:\/\/norestedigital.net\/index.php\/wp-json\/wp\/v2\/types\/post"}],"author":[{"embeddable":true,"href":"https:\/\/norestedigital.net\/index.php\/wp-json\/wp\/v2\/users\/2"}],"replies":[{"embeddable":true,"href":"https:\/\/norestedigital.net\/index.php\/wp-json\/wp\/v2\/comments?post=9683"}],"version-history":[{"count":1,"href":"https:\/\/norestedigital.net\/index.php\/wp-json\/wp\/v2\/posts\/9683\/revisions"}],"predecessor-version":[{"id":9685,"href":"https:\/\/norestedigital.net\/index.php\/wp-json\/wp\/v2\/posts\/9683\/revisions\/9685"}],"wp:featuredmedia":[{"embeddable":true,"href":"https:\/\/norestedigital.net\/index.php\/wp-json\/wp\/v2\/media\/9684"}],"wp:attachment":[{"href":"https:\/\/norestedigital.net\/index.php\/wp-json\/wp\/v2\/media?parent=9683"}],"wp:term":[{"taxonomy":"category","embeddable":true,"href":"https:\/\/norestedigital.net\/index.php\/wp-json\/wp\/v2\/categories?post=9683"},{"taxonomy":"post_tag","embeddable":true,"href":"https:\/\/norestedigital.net\/index.php\/wp-json\/wp\/v2\/tags?post=9683"}],"curies":[{"name":"wp","href":"https:\/\/api.w.org\/{rel}","templated":true}]}}